{"id":1105,"date":"2020-05-12T13:45:41","date_gmt":"2020-05-12T16:45:41","guid":{"rendered":"https:\/\/mario-machado.com\/blog\/?p=1105"},"modified":"2022-07-07T13:55:14","modified_gmt":"2022-07-07T16:55:14","slug":"o-que-a-soltura-e-prisao-do-lula-tem-a-ver-com-a-sua-vida","status":"publish","type":"post","link":"https:\/\/mario-machado.com\/blog\/o-que-a-soltura-e-prisao-do-lula-tem-a-ver-com-a-sua-vida\/","title":{"rendered":"O que a soltura e pris\u00e3o do Lula tem a ver com a sua vida?"},"content":{"rendered":"\r\n<figure class=\"wp-block-image\"><a href=\"https:\/\/aartedeinvestir.com.br\/wp-content\/uploads\/2018\/07\/22abr2018-ex-presidente-lula-em-video-que-explica-que-poderia-ter-fugido-se-quisesse-1524420884973_615x300.jpg\"><img decoding=\"async\" title=\"22abr2018---ex-presidente-lula-em-video-que-explica-que-poderia-ter-fugido-se-quisesse-1524420884973_615x300\" src=\"https:\/\/aartedeinvestir.com.br\/wp-content\/uploads\/2018\/07\/22abr2018-ex-presidente-lula-em-video-que-explica-que-poderia-ter-fugido-se-quisesse-1524420884973_615x300.jpg\" alt=\"Foto do lula\" \/><\/a><\/figure>\r\n\r\n\r\n\r\n<p>Era um pacato domingo, estava concluindo minha medita\u00e7\u00e3o e o sino tocou para finalizar.<\/p>\r\n\r\n\r\n\r\n<p>Enquanto esfregava meus olhos para me adaptar a claridade liguei o celular e recebi a not\u00edcia de que foi determinada a soltura do nosso ex-presidente. Na hora imaginei os poss\u00edveis impactos que isso teria nos meus investimentos. Como eu estava zen n\u00e3o fiquei nervoso, at\u00e9 porque na segunda-feira, dia 09 de julho, \u00e9 feriado da Revolu\u00e7\u00e3o Constitucionalista de 1932, logo a bolsa n\u00e3o abrir\u00e1. Os efeitos ser\u00e3o postergados.<\/p>\r\n\r\n\r\n\r\n<p>Coloquei \u00e1gua para ferver, comecei a cevar o meu mate e fazer uma lista de todas a pessoas que eu teria que entrar em contato. Passado pouco tempo recebi nova not\u00edcia que, da sua Batcaverna em Curitiba, S\u00e9rgio Moro decidiu que a Pol\u00edcia Federal n\u00e3o cumprisse a ordem at\u00e9 haver total esclarecimento do caso.<\/p>\r\n\r\n\r\n\r\n<p>Agora j\u00e1 \u00e9 tarde, Lula foi solto umas tr\u00eas vezes e isso possivelmente se arrastar\u00e1 at\u00e9 segunda-feira. Neste momento, para o objetivo que eu escrevo\u00a0n\u00e3o importam quest\u00f5es partid\u00e1rias, da inseguran\u00e7a jur\u00eddica de nosso pa\u00eds dentre outras coisas.<\/p>\r\n\r\n\r\n\r\n<p>Vendo tudo isso que falei voc\u00ea deve ter vivido nesse domingo picos de euforia e p\u00e2nico, sem contar quem teve descontrole emocional e entrou no home broker e come\u00e7ou a dar ordens para segunda (sem lembrar que amanh\u00e3 \u00e9 feriado para a bolsa, rs).<\/p>\r\n\r\n\r\n\r\n<p><strong>Aqui j\u00e1 vem o PRIMEIRO PONTO:<\/strong>\u00a0o que todas as pessoas (a manada dos normais\/iguais) fazem?<\/p>\r\n\r\n\r\n\r\n<ul class=\"wp-block-list\">\r\n<li>Xingam;<\/li>\r\n<li>Reclamam;<\/li>\r\n<li>Falam que v\u00e3o mudar de pa\u00eds;<\/li>\r\n<li>Perdem os objetivos porque depositam as expectativas em circunst\u00e2ncias externas;<\/li>\r\n<li>Compram tudo em a\u00e7\u00f5es acreditando em uma grande tacada;<\/li>\r\n<li>Vendem tudo que tem acreditando no apocalipse;<\/li>\r\n<li>E at\u00e9 coisas piores\u2026<\/li>\r\n<\/ul>\r\n\r\n\r\n\r\n<p>Caso voc\u00ea n\u00e3o queira ser como todo mundo, que na maioria das vezes se d\u00e1 mal, preste aten\u00e7\u00e3o no que vou contar abaixo.<\/p>\r\n\r\n\r\n\r\n<p>O importante \u00e9 perceber o\u00a0<strong>SEGUNDO PONTO<\/strong>: as coisas mudam (e sempre mudar\u00e3o) a todo instante e situa\u00e7\u00f5es como essa, mesmo em outros \u00e2mbitos, ocorreram em toda nossa hist\u00f3ria. Lembra o caos que foi a greve dos caminhoneiros h\u00e1 pouco tempo?<\/p>\r\n\r\n\r\n\r\n<p>Se na nossa vida, trabalho e rela\u00e7\u00f5es as coisas sempre mudam pense em n\u00edvel nacional ou global, nos quais decis\u00f5es dos mais variados sentidos se chocam contra o nosso sentido de ordem e\u00a0<em>status quo<\/em>.<\/p>\r\n\r\n\r\n\r\n<p>Na verdade, o mundo, a f\u00edsica qu\u00e2ntica, a vida e o mercado financeiro sempre foram aleat\u00f3rios e desconsiderar isso, al\u00e9m de ser pura ilus\u00e3o, \u00e9 baixar a guarda para que o acaso nos acerte com toda a sua for\u00e7a.<\/p>\r\n\r\n\r\n\r\n<blockquote class=\"wp-block-quote is-layout-flow wp-block-quote-is-layout-flow\"><em>\u201cM\u00c1RIO, ASSIM VOC\u00ca ME DEPRIME\u201d<\/em><\/blockquote>\r\n\r\n\r\n\r\n<p>Se voc\u00ea pensa dessa maneira \u00e9\u00a0<strong>FUNDAMENTAL<\/strong>\u00a0que voc\u00ea continue lendo o que escrevo.<\/p>\r\n\r\n\r\n\r\n<p>Tudo \u00e9 complexo, n\u00f3s que simplificamos (ou ignoramos a complexidade). Ent\u00e3o veja:<\/p>\r\n\r\n\r\n\r\n<ul class=\"wp-block-list\">\r\n<li><strong>Regra n\u00ba 1<\/strong>: \u201csempre perderemos algo, sejam entes queridos, seja dinheiro\u201d;<\/li>\r\n<li><strong>Regra n\u00ba 2<\/strong>: \u201ca m\u00fasica sempre muda\u201d e s\u00f3 hoje j\u00e1 mudou umas 06 vezes,\u00a0<strong>VOC\u00ca TEM QUE SE ADAPTAR<\/strong>.<\/li>\r\n<\/ul>\r\n\r\n\r\n\r\n<p>Poxa, come\u00e7ar a segunda com tanto pessimismo \u00e9 pra acabar, n\u00e3o \u00e9? N\u00e3o!<\/p>\r\n\r\n\r\n\r\n<p>A\u00a0<strong>PRIMEIRA BOA NOT\u00cdCIA<\/strong>\u00a0\u00e9 que existe uma forma comprovada cientificamente para superar esse tipo de situa\u00e7\u00e3o que \u00e9 a\u00a0<a href=\"https:\/\/aartedeinvestir.com.br\/2017\/10\/26\/diversificacao-de-investimentos-o-segredo-para-minimizar-suas-perdas\/\"><u>Teoria de Markowitz (ou teoria da carteira eficiente)<\/u><\/a>\u00a0que eu trato neste artigo\u00a0<a href=\"https:\/\/aartedeinvestir.com.br\/2017\/10\/26\/diversificacao-de-investimentos-o-segredo-para-minimizar-suas-perdas\/\"><u>aqui<\/u>\u00a0<\/a>e que estou te ensinando a adapt\u00e1-la para a sua vida.<\/p>\r\n\r\n\r\n\r\n<p>A\u00a0<strong>SEGUNDA BOA NOT\u00cdCIA<\/strong>\u00a0\u00e9 que, segundo a regra da dualidade (que \u00e9 coisa da nossa mente), se acontece uma coisa ruim h\u00e1 probabilidade de acontecer algo bom. Por isso,\u00a0\u00e9 importante n\u00e3o dormir no ponto se lamuriando e prestar aten\u00e7\u00e3o nos detalhes sutis que o mundo nos d\u00e1 para aproveitar essa nova oportunidade. Por tr\u00e1s de grandes fatos sempre haver\u00e1 um grande movimento, seja de energias ou de dinheiro. J\u00e1 dizia Lavoisier:<\/p>\r\n\r\n\r\n\r\n<blockquote class=\"wp-block-quote is-layout-flow wp-block-quote-is-layout-flow\"><em>\u201cNA NATUREZA NADA SE CRIA, NADA SE PERDE, TUDO SE TRANSFORMA\u201d<\/em><\/blockquote>\r\n\r\n\r\n\r\n<p>Enfim, meu amigo,\u00a0<strong><u>o dinheiro n\u00e3o se cria nem se perde, ele s\u00f3 muda de lugar e voc\u00ea deve estar posicionado para aproveitar esse movimento<\/u><\/strong>.<\/p>\r\n\r\n\r\n\r\n<p>Caso voc\u00ea n\u00e3o tenha tempo para estudar sobre isso eu tenho a\u00a0<strong>TERCEIRA BOA NOT\u00cdCIA<\/strong>\u00a0do dia \u00e9 que voc\u00ea j\u00e1 conhece o fundamento dela e aprendeu isso provavelmente com a sua av\u00f3. Como vov\u00f3 j\u00e1 dizia:<\/p>\r\n\r\n\r\n\r\n<blockquote class=\"wp-block-quote is-layout-flow wp-block-quote-is-layout-flow\"><em>\u201cN\u00c3O COLOQUE TODOS OS OVOS NA MESMA CESTA\u201d<\/em><\/blockquote>\r\n\r\n\r\n\r\n<p>\u00c9 isso a\u00ed, muitas pessoas negam ou temem o fato de que existe o risco e se consideram conservadoras e acreditam que apenas um tipo de investimento, de comportamento ou de atitude diante da vida \u00e9 adequado para elas e assim n\u00e3o precisaram se incomodar e ter\u00e3o as coisas garantidas e tranquilas. Ledo engano, depois que perdem o emprego ou perdem a previd\u00eancia que julgavam ser algo garantido,\u00a0<strong><u>procuram um fator externo para p\u00f4r a culpa<\/u><\/strong>\u00a0(patr\u00e3o ou governo), mas em momento nenhum na vida pararam para se tornar indispens\u00e1veis no trabalho ou criaram algum tipo de investimento para o futuro.<\/p>\r\n\r\n\r\n\r\n<p>Veja, n\u00e3o h\u00e1 garantia de nada na vida, nem da pr\u00f3pria vida, n\u00e3o \u00e9 verdade? Ent\u00e3o se as coisas s\u00e3o assim porque n\u00e3o assumir as coisas como elas s\u00e3o e dan\u00e7ar conforme a m\u00fasica, seja ela triste ou alegre, lenta ou devagar, preso ou solto? Vamos al\u00e9m do manique\u00edsmo de ganhar ou perder e lan\u00e7ar as energias para a cabe\u00e7a do gigante Golias e ter paz durante todo esse processo?<\/p>\r\n\r\n\r\n\r\n<p>Caso n\u00e3o lembre, a batalha entre Davi e Golias \u00e9 um conto b\u00edblico em que Davi, ainda jovem e com seus 50 quilos, lutou contra Golias um guerreiro de quase 03 metros de altura equipado com uma armadura que tinha o peso de Davi e armado com lan\u00e7a e escudo. Todos os homens de ex\u00e9rcito de Israel temiam Golias, mas s\u00f3 Davi aceitou o desafio em nome da independ\u00eancia de seu povo. N\u00e3o impressionado com o tamanho, armadura e armas de Golias, Davi jogou uma pedra da cabe\u00e7a de Golias e o derrubou.<\/p>\r\n\r\n\r\n\r\n<p>A moral da hist\u00f3ria que eu quero dar \u00eanfase \u00e9 que independente dos pavoneios dos fatores externos e de curto prazo Davi tinha um objetivo definido e n\u00e3o se intimidou, ele dan\u00e7ou conforme a m\u00fasica e com os instrumentos que tinha (a pedra).\u00a0<strong><u>O que voc\u00ea acha de fazer como ele e derrubar um gigante para a independ\u00eancia e liberdade da sua vida?<\/u><\/strong><\/p>\r\n\r\n\r\n\r\n<p>Vamos para a pr\u00e1tica!<\/p>\r\n\r\n\r\n\r\n<p>Agora pegue um caderno, deixe ele virado em formato retrato e sem muitos detalhes divida a folha no meio com uma linha e do lado\u00a0<strong>ESQUERDO<\/strong>\u00a0escreva:<\/p>\r\n\r\n\r\n\r\n<ul class=\"wp-block-list\">\r\n<li>O que te gera coragem, responsabilidade, for\u00e7a de vontade e felicidade em sua vida?<\/li>\r\n<li>Quantos amigos e c\u00edrculos sociais voc\u00ea tem?<\/li>\r\n<li>O que te gera sa\u00fade?<\/li>\r\n<li>Quais suas fontes de renda?<\/li>\r\n<li>Quantas classes de investimentos voc\u00ea tem?<\/li>\r\n<li>Quantos projetos\/planos de vida voc\u00ea tem?<\/li>\r\n<\/ul>\r\n\r\n\r\n\r\n<p>N\u00e3o sou eu quem vai te dizer se voc\u00ea est\u00e1 no caminho certo, isso depende das ambi\u00e7\u00f5es de cada pessoa e voc\u00ea sabe identificar se est\u00e1 realizado com isso ou n\u00e3o.\u00a0Caso voc\u00ea j\u00e1 se sinta realizado na vida voc\u00ea n\u00e3o precisa ler o que eu estou escrevendo\u00a0e pode voltar para o Instagram, Facebook ou televis\u00e3o porque estar\u00e1 perdendo o seu tempo aqui.<\/p>\r\n\r\n\r\n\r\n<p>Agora se voc\u00ea \u00e9 uma pessoa que n\u00e3o se sente plenamente realizada, que acha que n\u00e3o alcan\u00e7ou todo seu potencial e que sente l\u00e1 no fundo quando deita a cabe\u00e7a no travesseiro a noite que ainda falta alguma coisa que voc\u00ea n\u00e3o sabe o que \u00e9 siga em frente, porque escrevi isto exatamente para voc\u00ea.<\/p>\r\n\r\n\r\n\r\n<p>Tenha em mente que para cada ponto acima\u00a0<strong>VOC\u00ca PRECISA TER V\u00c1RIAS RESPOSTAS<\/strong>\u00a0<strong>para realmente estar diversificado<\/strong>.<\/p>\r\n\r\n\r\n\r\n<p>Um exemplo de fontes de renda: o seu trabalho, os seus investimentos, um aluguel e um neg\u00f3cio de fotografia que voc\u00ea faz no seu tempo livre. Se voc\u00ea perder o seu trabalho, o restante das fontes te ajudar\u00e3o a ficar na linha.<\/p>\r\n\r\n\r\n\r\n<p>Outro exemplo, investimentos existem diversos:<\/p>\r\n\r\n\r\n\r\n<ul class=\"wp-block-list\">\r\n<li>Renda fixa (CDB, LCI, LCA, Deb\u00eantures, CRI, CRA, \u2026);<\/li>\r\n<li><a href=\"https:\/\/mario-machado.com\/blog\/fundo-de-investimento-ou-renda-fixa\/\">Fundos<\/a> ( DI, renda fixa, multimercado, a\u00e7\u00f5es, internacional, cambial, \u2026)<\/li>\r\n<li>Renda Vari\u00e1vel (a\u00e7\u00f5es dos mais diversos setores poss\u00edveis, op\u00e7\u00f5es, fundos de investimento imobili\u00e1rio);<\/li>\r\n<li>Moedas (real, d\u00f3lar, euro, \u2026)<\/li>\r\n<\/ul>\r\n\r\n\r\n\r\n<p>Agora do lado\u00a0<strong>DIREITO<\/strong>\u00a0escreva:<\/p>\r\n\r\n\r\n\r\n<ul class=\"wp-block-list\">\r\n<li>O que te gera medo, culpa, vergonha e amargura na vida?<\/li>\r\n<li>Quantas pessoas e concorrentes podem te prejudicar ou te fazem mal?<\/li>\r\n<li>E a sua fam\u00edlia, como est\u00e1 o seu relacionamento?<\/li>\r\n<li>O que voc\u00ea faz que prejudica a sua sa\u00fade?<\/li>\r\n<li>Quantas fontes de despesas voc\u00ea tem e o que pode prejudicar as suas fontes de renda?<\/li>\r\n<li>O que na sua vida pode prejudicar os seus investimentos?<\/li>\r\n<li>O que pode prejudicar os seus planos de vida?<\/li>\r\n<\/ul>\r\n\r\n\r\n\r\n<p>Feito isso, tudo que estiver do lado direito s\u00e3o coisas que voc\u00ea tem que trabalhar.<\/p>\r\n\r\n\r\n\r\n<p>Todos os sentimentos ruins que te prendem devem ser liberados para longe; das pessoas voc\u00ea se afasta; os concorrentes voc\u00ea supera (n\u00e3o compete, n\u00e3o entre no jogo deles!).<\/p>\r\n\r\n\r\n\r\n<p>Os maus h\u00e1bitos para sua sa\u00fade, problemas de fam\u00edlia e suas despesas devem ser revisada IMEDIATAMENTE, pois te custar\u00e3o muito caro em breve.<\/p>\r\n\r\n\r\n\r\n<p>O que prejudica a sua fonte de renda, investimentos e projetos de vida devem ser vistos como meros obst\u00e1culos que necessariamente voc\u00ea superar\u00e1 para cada vez poder chegar mais alto.<\/p>\r\n\r\n\r\n\r\n<p>Agora um par\u00eantese, j\u00e1 percebeu na sua vida e na vida de algum conhecido que de repente essa pessoa mudou da \u00e1gua para o vinho superando todas expectativas? Sabe o que \u00e9 isso? Como faz? \u00c9 identificar e trabalhar os seus \u201c<strong>Cabelos de Sans\u00e3o<\/strong>\u201d e o seu \u201c<strong>Calcanhar de Aquiles<\/strong>\u201d. \u00c9 um ponto que depois de trabalhado irradia energia para todo o resto!<\/p>\r\n\r\n\r\n\r\n<p>Fa\u00e7a assim, avalie quais s\u00e3o os pontos convergentes do lado esquerdo, se eles t\u00eam alinhamento com o seu plano e ligue-os com uma linha. Por exemplo: para mim dormir bem e acordar cedo faz com que eu tenha um dia extremamente produtivo, fique de bom humor o que melhora os meus relacionamentos e disposi\u00e7\u00e3o para continuar trabalhando. Desse modo, dormir bem e acordar cedo (sa\u00fade) desencadeia o meu lado social, emocional e profissional; eu ligo os pontos e quanto mais pontos estiverem ligados mais importante isso ser\u00e1 para mim. Este \u00e9 o meu \u201cCabelo de Sans\u00e3o\u201d. Afinal, sa\u00fade em primeiro lugar, n\u00e3o \u00e9?<\/p>\r\n\r\n\r\n\r\n<p>N\u00e3o pare a\u00ed fa\u00e7a a mesma coisa do lado direito, parafraseando Osho:<\/p>\r\n\r\n\r\n\r\n<blockquote class=\"wp-block-quote is-layout-flow wp-block-quote-is-layout-flow\"><em>\u201cA VIDA COME\u00c7A ONDE TERMINA O MEDO\u201d<\/em><\/blockquote>\r\n\r\n\r\n\r\n<p>Veja nos seus sentimentos e nos demais outros pontos, l\u00e1 escondido deve haver alguma coisa que est\u00e1 bloqueando o seu crescimento esse \u00e9 o seu \u201cCalcanhar de Aquiles\u201d e voc\u00ea deve enfrentar ele com olho no olho, por mais doloroso que isso possa ser.<\/p>\r\n\r\n\r\n\r\n<p>Depois, identifique o que \u00e9 externo e interno.\u00a0<strong>Externo<\/strong>\u00a0\u00e9 tudo aquilo que voc\u00ea n\u00e3o consegue alterar porque n\u00e3o depende de voc\u00ea, logo se essas coisas acontecerem voc\u00ea n\u00e3o \u00e9 culpado voc\u00ea tem que diversificar e adaptar para superar isso.\u00a0<strong>Interno<\/strong>\u00a0\u00e9 tudo aquilo que depende de voc\u00ea, tudo aquilo que voc\u00ea \u00e9 respons\u00e1vel e tem poder de controle. Esque\u00e7a todos os adjetivos que podem existir como f\u00e1cil e dif\u00edcil, seguro e arriscado (s\u00e3o cria\u00e7\u00f5es da sua mente), somente ASSUMA A RESPONSABILIDADE de todos os seus atos e n\u00e3o a culpa dos resultados.<\/p>\r\n\r\n\r\n\r\n<p>Agora o mais importante\u2026<\/p>\r\n\r\n\r\n\r\n<p>Lembra que mais acima eu falei sobre concentrar as suas energias na cabe\u00e7a do gigante Golias? Ele \u00e9 o seu sonho grande, o plano \u201cA\u201d, seu legado, seu prop\u00f3sito maior, o seu\u00a0<strong><u>plano principal e de longo prazo<\/u><\/strong>.<\/p>\r\n\r\n\r\n\r\n<p>Assim que terminar, trace uma linha em baixo e escreva um pequeno texto relacionando tudo com o seu plano principal, n\u00e3o se esque\u00e7a de especificar como e quando far\u00e1 isso. Coloque a data de quando fizer, tire uma c\u00f3pia e arquive o original. A c\u00f3pia coloque em um lugar que voc\u00ea sempre possa ver, como do lado do monitor do computador, isso ajudar\u00e1 voc\u00ea a lembrar das suas prioridades. Passado um tempo fa\u00e7a um novo estudo e compare, garanto que \u00e9 motivador.<\/p>\r\n\r\n\r\n\r\n<p>Para concluir quero parafrasear o saudoso Fernando Pessoa com:<\/p>\r\n\r\n\r\n\r\n<blockquote class=\"wp-block-quote is-layout-flow wp-block-quote-is-layout-flow\"><em>\u201cDIVERSIFICAR \u00c9 (QUASE) PRECISO,<\/em> <em>VIVER N\u00c3O \u00c9 PRECISO\u201d<\/em><\/blockquote>\r\n\r\n\r\n\r\n<p>Assim que incorporar isso, SEM D\u00daVIDA\u00a0<strong><u>as circunst\u00e2ncias da vida e das finan\u00e7as e a falta de tempo n\u00e3o ser\u00e3o mais um problema<\/u><\/strong>\u00a0s\u00f3 uma quest\u00e3o de prioridade e foco.<\/p>\r\n\r\n\r\n\r\n<p>Lembre-se, a vida e o seu dinheiro n\u00e3o s\u00e3o como um v\u00eddeo game em que voc\u00ea pode repetir as coisas indiscriminadamente e usar manhas se necess\u00e1rio, ent\u00e3o seja livre das amarras da manada e trate a sua vida e o seu dinheiro assumindo responsabilidade (risco para os investidores), em vez de viver preso na gaiola do conservadorismo e apontando para culpados.<\/p>\r\n\r\n\r\n\r\n<p>Portanto, ponha a m\u00e3o na massa e acerte a cabe\u00e7a do gigante!<\/p>\r\n\r\n\r\n\r\n<p><strong><em>Voc\u00ea j\u00e1 avaliou a sua vida dessa maneira? Tem alguma dificuldade ou outro m\u00e9todo? Deixe o seu coment\u00e1rio ou d\u00favida abaixo!<\/em><\/strong><\/p>\r\n\r\n<div id=\"blog-mario-machado-reuniao-c957dbae6cef42f599fc\" role=\"main\">\u00a0<\/div>\r\n<p><script type=\"text\/javascript\" src=\"https:\/\/d335luupugsy2.cloudfront.net\/js\/rdstation-forms\/stable\/rdstation-forms.min.js\"><\/script><script type=\"text\/javascript\"> new RDStationForms('blog-mario-machado-reuniao-c957dbae6cef42f599fc', 'UA-100863252-11').createForm();<\/script><\/p>","protected":false},"excerpt":{"rendered":"<p>Era um pacato domingo, estava concluindo minha medita\u00e7\u00e3o e o sino tocou para finalizar. Enquanto esfregava meus olhos para me adaptar a claridade liguei o celular e recebi a not\u00edcia de que foi determinada a soltura do nosso ex-presidente. Na hora imaginei os poss\u00edveis impactos que isso teria nos meus investimentos. Como eu estava zen [&hellip;]<\/p>\n","protected":false},"author":4,"featured_media":94,"comment_status":"open","ping_status":"open","sticky":false,"template":"","format":"standard","meta":{"footnotes":""},"categories":[82,92],"tags":[],"class_list":["post-1105","post","type-post","status-publish","format-standard","has-post-thumbnail","hentry","category-educacao-financeira","category-outros"],"yoast_head":"<!-- This site is optimized with the Yoast SEO plugin v19.7.1 - https:\/\/yoast.com\/wordpress\/plugins\/seo\/ -->\n<title>O que a soltura e pris\u00e3o do Lula tem a ver com a sua vida?<\/title>\n<meta name=\"description\" content=\"A pris\u00e3o e a soltura do ex-presidente Lula tem mais a ver com nossas vidas do que voc\u00ea imagina. Confira minha opini\u00e3o.\" \/>\n<meta name=\"robots\" content=\"index, follow, max-snippet:-1, max-image-preview:large, max-video-preview:-1\" \/>\n<link rel=\"canonical\" href=\"https:\/\/mario-machado.com\/blog\/o-que-a-soltura-e-prisao-do-lula-tem-a-ver-com-a-sua-vida\/\" \/>\n<meta property=\"og:locale\" content=\"pt_BR\" \/>\n<meta property=\"og:type\" content=\"article\" \/>\n<meta property=\"og:title\" content=\"O que a soltura e pris\u00e3o do Lula tem a ver com a sua vida?\" \/>\n<meta property=\"og:description\" content=\"A pris\u00e3o e a soltura do ex-presidente Lula tem mais a ver com nossas vidas do que voc\u00ea imagina. Confira minha opini\u00e3o.\" \/>\n<meta property=\"og:url\" content=\"https:\/\/mario-machado.com\/blog\/o-que-a-soltura-e-prisao-do-lula-tem-a-ver-com-a-sua-vida\/\" \/>\n<meta property=\"og:site_name\" content=\"Mario Machado - Blog sobre investimentos e mercado financeiro\" \/>\n<meta property=\"article:published_time\" content=\"2020-05-12T16:45:41+00:00\" \/>\n<meta property=\"article:modified_time\" content=\"2022-07-07T16:55:14+00:00\" \/>\n<meta property=\"og:image\" content=\"https:\/\/mario-machado.com\/blog\/wp-content\/uploads\/2021\/05\/O-que-a-soltura-e-prisa\u0303o-do-Lula-tem-a-ver-com-a-sua-vida.png\" \/>\n\t<meta property=\"og:image:width\" content=\"1920\" \/>\n\t<meta property=\"og:image:height\" content=\"1094\" \/>\n\t<meta property=\"og:image:type\" content=\"image\/png\" \/>\n<meta name=\"author\" content=\"Mario Machado\" \/>\n<meta name=\"twitter:card\" content=\"summary_large_image\" \/>\n<meta name=\"twitter:label1\" content=\"Escrito por\" \/>\n\t<meta name=\"twitter:data1\" content=\"Mario Machado\" \/>\n\t<meta name=\"twitter:label2\" content=\"Est. tempo de leitura\" \/>\n\t<meta name=\"twitter:data2\" content=\"12 minutos\" \/>\n<script type=\"application\/ld+json\" class=\"yoast-schema-graph\">{\"@context\":\"https:\/\/schema.org\",\"@graph\":[{\"@type\":\"Article\",\"@id\":\"https:\/\/mario-machado.com\/blog\/o-que-a-soltura-e-prisao-do-lula-tem-a-ver-com-a-sua-vida\/#article\",\"isPartOf\":{\"@id\":\"https:\/\/mario-machado.com\/blog\/o-que-a-soltura-e-prisao-do-lula-tem-a-ver-com-a-sua-vida\/\"},\"author\":{\"name\":\"Mario Machado\",\"@id\":\"https:\/\/mario-machado.com\/blog\/#\/schema\/person\/99459a4fa2269803f204eefa54385167\"},\"headline\":\"O que a soltura e pris\u00e3o do Lula tem a ver com a sua vida?\",\"datePublished\":\"2020-05-12T16:45:41+00:00\",\"dateModified\":\"2022-07-07T16:55:14+00:00\",\"mainEntityOfPage\":{\"@id\":\"https:\/\/mario-machado.com\/blog\/o-que-a-soltura-e-prisao-do-lula-tem-a-ver-com-a-sua-vida\/\"},\"wordCount\":2207,\"commentCount\":50,\"publisher\":{\"@id\":\"https:\/\/mario-machado.com\/blog\/#organization\"},\"articleSection\":[\"Educa\u00e7\u00e3o Financeira\",\"Outros\"],\"inLanguage\":\"pt-BR\",\"potentialAction\":[{\"@type\":\"CommentAction\",\"name\":\"Comment\",\"target\":[\"https:\/\/mario-machado.com\/blog\/o-que-a-soltura-e-prisao-do-lula-tem-a-ver-com-a-sua-vida\/#respond\"]}]},{\"@type\":\"WebPage\",\"@id\":\"https:\/\/mario-machado.com\/blog\/o-que-a-soltura-e-prisao-do-lula-tem-a-ver-com-a-sua-vida\/\",\"url\":\"https:\/\/mario-machado.com\/blog\/o-que-a-soltura-e-prisao-do-lula-tem-a-ver-com-a-sua-vida\/\",\"name\":\"O que a soltura e pris\u00e3o do Lula tem a ver com a sua vida?\",\"isPartOf\":{\"@id\":\"https:\/\/mario-machado.com\/blog\/#website\"},\"datePublished\":\"2020-05-12T16:45:41+00:00\",\"dateModified\":\"2022-07-07T16:55:14+00:00\",\"description\":\"A pris\u00e3o e a soltura do ex-presidente Lula tem mais a ver com nossas vidas do que voc\u00ea imagina. Confira minha opini\u00e3o.\",\"breadcrumb\":{\"@id\":\"https:\/\/mario-machado.com\/blog\/o-que-a-soltura-e-prisao-do-lula-tem-a-ver-com-a-sua-vida\/#breadcrumb\"},\"inLanguage\":\"pt-BR\",\"potentialAction\":[{\"@type\":\"ReadAction\",\"target\":[\"https:\/\/mario-machado.com\/blog\/o-que-a-soltura-e-prisao-do-lula-tem-a-ver-com-a-sua-vida\/\"]}]},{\"@type\":\"BreadcrumbList\",\"@id\":\"https:\/\/mario-machado.com\/blog\/o-que-a-soltura-e-prisao-do-lula-tem-a-ver-com-a-sua-vida\/#breadcrumb\",\"itemListElement\":[{\"@type\":\"ListItem\",\"position\":1,\"name\":\"In\u00edcio\",\"item\":\"https:\/\/mario-machado.com\/blog\/\"},{\"@type\":\"ListItem\",\"position\":2,\"name\":\"O que a soltura e pris\u00e3o do Lula tem a ver com a sua vida?\"}]},{\"@type\":\"WebSite\",\"@id\":\"https:\/\/mario-machado.com\/blog\/#website\",\"url\":\"https:\/\/mario-machado.com\/blog\/\",\"name\":\"Mario Machado - Blog sobre investimentos e mercado financeiro\",\"description\":\"Nosso blog traz informa\u00e7\u00f5es sobre investimentos, escrito por quem compreende o mercado financeiro do brasil e do mundo.\",\"publisher\":{\"@id\":\"https:\/\/mario-machado.com\/blog\/#organization\"},\"potentialAction\":[{\"@type\":\"SearchAction\",\"target\":{\"@type\":\"EntryPoint\",\"urlTemplate\":\"https:\/\/mario-machado.com\/blog\/?s={search_term_string}\"},\"query-input\":\"required name=search_term_string\"}],\"inLanguage\":\"pt-BR\"},{\"@type\":\"Organization\",\"@id\":\"https:\/\/mario-machado.com\/blog\/#organization\",\"name\":\"Mario Machado - Blog sobre investimentos e mercado financeiro\",\"url\":\"https:\/\/mario-machado.com\/blog\/\",\"sameAs\":[],\"logo\":{\"@type\":\"ImageObject\",\"inLanguage\":\"pt-BR\",\"@id\":\"https:\/\/mario-machado.com\/blog\/#\/schema\/logo\/image\/\",\"url\":\"https:\/\/mario-machado.com\/blog\/wp-content\/uploads\/2022\/06\/cropped-logo-mario-machado-blog.png\",\"contentUrl\":\"https:\/\/mario-machado.com\/blog\/wp-content\/uploads\/2022\/06\/cropped-logo-mario-machado-blog.png\",\"width\":389,\"height\":112,\"caption\":\"Mario Machado - Blog sobre investimentos e mercado financeiro\"},\"image\":{\"@id\":\"https:\/\/mario-machado.com\/blog\/#\/schema\/logo\/image\/\"}},{\"@type\":\"Person\",\"@id\":\"https:\/\/mario-machado.com\/blog\/#\/schema\/person\/99459a4fa2269803f204eefa54385167\",\"name\":\"Mario Machado\",\"image\":{\"@type\":\"ImageObject\",\"inLanguage\":\"pt-BR\",\"@id\":\"https:\/\/mario-machado.com\/blog\/#\/schema\/person\/image\/\",\"url\":\"https:\/\/mario-machado.com\/blog\/wp-content\/uploads\/2021\/05\/Captura-de-Tela-2021-05-14-a\u0300s-11.23.37-96x96.png\",\"contentUrl\":\"https:\/\/mario-machado.com\/blog\/wp-content\/uploads\/2021\/05\/Captura-de-Tela-2021-05-14-a\u0300s-11.23.37-96x96.png\",\"caption\":\"Mario Machado\"},\"description\":\"Muito prazer! Meu nome \u00e9 Mario Machado, sou graduado em Direito e sou especialista em assessoria de investimentos. Para mim, investir \u00e9 uma arte.\",\"url\":\"https:\/\/mario-machado.com\/blog\/author\/mario-machado\/\"}]}<\/script>\n<!-- \/ Yoast SEO plugin. -->","yoast_head_json":{"title":"O que a soltura e pris\u00e3o do Lula tem a ver com a sua vida?","description":"A pris\u00e3o e a soltura do ex-presidente Lula tem mais a ver com nossas vidas do que voc\u00ea imagina. Confira minha opini\u00e3o.","robots":{"index":"index","follow":"follow","max-snippet":"max-snippet:-1","max-image-preview":"max-image-preview:large","max-video-preview":"max-video-preview:-1"},"canonical":"https:\/\/mario-machado.com\/blog\/o-que-a-soltura-e-prisao-do-lula-tem-a-ver-com-a-sua-vida\/","og_locale":"pt_BR","og_type":"article","og_title":"O que a soltura e pris\u00e3o do Lula tem a ver com a sua vida?","og_description":"A pris\u00e3o e a soltura do ex-presidente Lula tem mais a ver com nossas vidas do que voc\u00ea imagina. Confira minha opini\u00e3o.","og_url":"https:\/\/mario-machado.com\/blog\/o-que-a-soltura-e-prisao-do-lula-tem-a-ver-com-a-sua-vida\/","og_site_name":"Mario Machado - Blog sobre investimentos e mercado financeiro","article_published_time":"2020-05-12T16:45:41+00:00","article_modified_time":"2022-07-07T16:55:14+00:00","og_image":[{"width":1920,"height":1094,"url":"https:\/\/mario-machado.com\/blog\/wp-content\/uploads\/2021\/05\/O-que-a-soltura-e-prisa\u0303o-do-Lula-tem-a-ver-com-a-sua-vida.png","type":"image\/png"}],"author":"Mario Machado","twitter_card":"summary_large_image","twitter_misc":{"Escrito por":"Mario Machado","Est. tempo de leitura":"12 minutos"},"schema":{"@context":"https:\/\/schema.org","@graph":[{"@type":"Article","@id":"https:\/\/mario-machado.com\/blog\/o-que-a-soltura-e-prisao-do-lula-tem-a-ver-com-a-sua-vida\/#article","isPartOf":{"@id":"https:\/\/mario-machado.com\/blog\/o-que-a-soltura-e-prisao-do-lula-tem-a-ver-com-a-sua-vida\/"},"author":{"name":"Mario Machado","@id":"https:\/\/mario-machado.com\/blog\/#\/schema\/person\/99459a4fa2269803f204eefa54385167"},"headline":"O que a soltura e pris\u00e3o do Lula tem a ver com a sua vida?","datePublished":"2020-05-12T16:45:41+00:00","dateModified":"2022-07-07T16:55:14+00:00","mainEntityOfPage":{"@id":"https:\/\/mario-machado.com\/blog\/o-que-a-soltura-e-prisao-do-lula-tem-a-ver-com-a-sua-vida\/"},"wordCount":2207,"commentCount":50,"publisher":{"@id":"https:\/\/mario-machado.com\/blog\/#organization"},"articleSection":["Educa\u00e7\u00e3o Financeira","Outros"],"inLanguage":"pt-BR","potentialAction":[{"@type":"CommentAction","name":"Comment","target":["https:\/\/mario-machado.com\/blog\/o-que-a-soltura-e-prisao-do-lula-tem-a-ver-com-a-sua-vida\/#respond"]}]},{"@type":"WebPage","@id":"https:\/\/mario-machado.com\/blog\/o-que-a-soltura-e-prisao-do-lula-tem-a-ver-com-a-sua-vida\/","url":"https:\/\/mario-machado.com\/blog\/o-que-a-soltura-e-prisao-do-lula-tem-a-ver-com-a-sua-vida\/","name":"O que a soltura e pris\u00e3o do Lula tem a ver com a sua vida?","isPartOf":{"@id":"https:\/\/mario-machado.com\/blog\/#website"},"datePublished":"2020-05-12T16:45:41+00:00","dateModified":"2022-07-07T16:55:14+00:00","description":"A pris\u00e3o e a soltura do ex-presidente Lula tem mais a ver com nossas vidas do que voc\u00ea imagina. Confira minha opini\u00e3o.","breadcrumb":{"@id":"https:\/\/mario-machado.com\/blog\/o-que-a-soltura-e-prisao-do-lula-tem-a-ver-com-a-sua-vida\/#breadcrumb"},"inLanguage":"pt-BR","potentialAction":[{"@type":"ReadAction","target":["https:\/\/mario-machado.com\/blog\/o-que-a-soltura-e-prisao-do-lula-tem-a-ver-com-a-sua-vida\/"]}]},{"@type":"BreadcrumbList","@id":"https:\/\/mario-machado.com\/blog\/o-que-a-soltura-e-prisao-do-lula-tem-a-ver-com-a-sua-vida\/#breadcrumb","itemListElement":[{"@type":"ListItem","position":1,"name":"In\u00edcio","item":"https:\/\/mario-machado.com\/blog\/"},{"@type":"ListItem","position":2,"name":"O que a soltura e pris\u00e3o do Lula tem a ver com a sua vida?"}]},{"@type":"WebSite","@id":"https:\/\/mario-machado.com\/blog\/#website","url":"https:\/\/mario-machado.com\/blog\/","name":"Mario Machado - Blog sobre investimentos e mercado financeiro","description":"Nosso blog traz informa\u00e7\u00f5es sobre investimentos, escrito por quem compreende o mercado financeiro do brasil e do mundo.","publisher":{"@id":"https:\/\/mario-machado.com\/blog\/#organization"},"potentialAction":[{"@type":"SearchAction","target":{"@type":"EntryPoint","urlTemplate":"https:\/\/mario-machado.com\/blog\/?s={search_term_string}"},"query-input":"required name=search_term_string"}],"inLanguage":"pt-BR"},{"@type":"Organization","@id":"https:\/\/mario-machado.com\/blog\/#organization","name":"Mario Machado - Blog sobre investimentos e mercado financeiro","url":"https:\/\/mario-machado.com\/blog\/","sameAs":[],"logo":{"@type":"ImageObject","inLanguage":"pt-BR","@id":"https:\/\/mario-machado.com\/blog\/#\/schema\/logo\/image\/","url":"https:\/\/mario-machado.com\/blog\/wp-content\/uploads\/2022\/06\/cropped-logo-mario-machado-blog.png","contentUrl":"https:\/\/mario-machado.com\/blog\/wp-content\/uploads\/2022\/06\/cropped-logo-mario-machado-blog.png","width":389,"height":112,"caption":"Mario Machado - Blog sobre investimentos e mercado financeiro"},"image":{"@id":"https:\/\/mario-machado.com\/blog\/#\/schema\/logo\/image\/"}},{"@type":"Person","@id":"https:\/\/mario-machado.com\/blog\/#\/schema\/person\/99459a4fa2269803f204eefa54385167","name":"Mario Machado","image":{"@type":"ImageObject","inLanguage":"pt-BR","@id":"https:\/\/mario-machado.com\/blog\/#\/schema\/person\/image\/","url":"https:\/\/mario-machado.com\/blog\/wp-content\/uploads\/2021\/05\/Captura-de-Tela-2021-05-14-a\u0300s-11.23.37-96x96.png","contentUrl":"https:\/\/mario-machado.com\/blog\/wp-content\/uploads\/2021\/05\/Captura-de-Tela-2021-05-14-a\u0300s-11.23.37-96x96.png","caption":"Mario Machado"},"description":"Muito prazer! Meu nome \u00e9 Mario Machado, sou graduado em Direito e sou especialista em assessoria de investimentos. Para mim, investir \u00e9 uma arte.","url":"https:\/\/mario-machado.com\/blog\/author\/mario-machado\/"}]}},"_links":{"self":[{"href":"https:\/\/mario-machado.com\/blog\/wp-json\/wp\/v2\/posts\/1105","targetHints":{"allow":["GET"]}}],"collection":[{"href":"https:\/\/mario-machado.com\/blog\/wp-json\/wp\/v2\/posts"}],"about":[{"href":"https:\/\/mario-machado.com\/blog\/wp-json\/wp\/v2\/types\/post"}],"author":[{"embeddable":true,"href":"https:\/\/mario-machado.com\/blog\/wp-json\/wp\/v2\/users\/4"}],"replies":[{"embeddable":true,"href":"https:\/\/mario-machado.com\/blog\/wp-json\/wp\/v2\/comments?post=1105"}],"version-history":[{"count":0,"href":"https:\/\/mario-machado.com\/blog\/wp-json\/wp\/v2\/posts\/1105\/revisions"}],"wp:featuredmedia":[{"embeddable":true,"href":"https:\/\/mario-machado.com\/blog\/wp-json\/wp\/v2\/media\/94"}],"wp:attachment":[{"href":"https:\/\/mario-machado.com\/blog\/wp-json\/wp\/v2\/media?parent=1105"}],"wp:term":[{"taxonomy":"category","embeddable":true,"href":"https:\/\/mario-machado.com\/blog\/wp-json\/wp\/v2\/categories?post=1105"},{"taxonomy":"post_tag","embeddable":true,"href":"https:\/\/mario-machado.com\/blog\/wp-json\/wp\/v2\/tags?post=1105"}],"curies":[{"name":"wp","href":"https:\/\/api.w.org\/{rel}","templated":true}]}}