{"id":1710,"date":"2022-08-16T13:43:26","date_gmt":"2022-08-16T16:43:26","guid":{"rendered":"https:\/\/mario-machado.com\/blog\/?p=1710"},"modified":"2022-08-17T13:07:39","modified_gmt":"2022-08-17T16:07:39","slug":"reducao-de-impostos-arrecadacao-governo","status":"publish","type":"post","link":"https:\/\/mario-machado.com\/blog\/reducao-de-impostos-arrecadacao-governo\/","title":{"rendered":"Como uma redu\u00e7\u00e3o de impostos pode gerar uma maior arrecada\u00e7\u00e3o para o Governo?"},"content":{"rendered":"<p style=\"font-weight: 400;\">A princ\u00edpio, esta l\u00f3gica n\u00e3o parece fazer sentido, j\u00e1 que uma maior carga tribut\u00e1ria \u00e9 que deveria levar a uma maior arrecada\u00e7\u00e3o do Governo atrav\u00e9s dos impostos, e n\u00e3o com a redu\u00e7\u00e3o de impostos. Por\u00e9m, esse &#8220;equil\u00edbrio tribut\u00e1rio&#8221; \u00e9 explicado pela &#8220;Curva de Laffer&#8221;.<\/p>\n<p style=\"font-weight: 400;\">Principalmente no contexto macroecon\u00f4mico &#8211; mundial &#8211; atual s\u00e3o necess\u00e1rias diversas mudan\u00e7as nas pol\u00edticas monet\u00e1ria e fiscal dos pa\u00edses, responsabilidade alt\u00edssimas das autoridades do pa\u00eds.<\/p>\n<p style=\"font-weight: 400;\">Segundo a curva, a rela\u00e7\u00e3o entre arrecada\u00e7\u00e3o e as cargas tribut\u00e1rias n\u00e3o \u00e9 diretamente proporcional \u2013 ou seja, em determinado ponto, um aumento na tributa\u00e7\u00e3o resultaria em uma receita menor do que antes.<\/p>\n<p><img decoding=\"async\" class=\"alignnone wp-image-1711\" src=\"https:\/\/mario-machado.com\/blog\/wp-content\/uploads\/2022\/08\/Curva-de-Laffer-300x194.png\" alt=\"\" width=\"501\" height=\"324\" srcset=\"https:\/\/mario-machado.com\/blog\/wp-content\/uploads\/2022\/08\/Curva-de-Laffer-300x194.png 300w, https:\/\/mario-machado.com\/blog\/wp-content\/uploads\/2022\/08\/Curva-de-Laffer.png 510w\" sizes=\"(max-width: 501px) 100vw, 501px\" \/><\/p>\n<p style=\"font-weight: 400;\">Para entender a curva de Laffer, representada no gr\u00e1fico acima, basta observarmos no gr\u00e1fico o comportamento de T (arrecada\u00e7\u00e3o) e t (al\u00edquota de imposto) o que aconteceria se a tributa\u00e7\u00e3o fosse de 0% e de 100%:<\/p>\n<p style=\"font-weight: 400;\">1) Se a taxa de impostos estiver em 0%\u00a0(t<sub>0<\/sub>), nenhum tributo seria cobrado \u2013 e, obviamente, a arrecada\u00e7\u00e3o tamb\u00e9m seria zero.<\/p>\n<p style=\"font-weight: 400;\">2) Por\u00e9m, se a al\u00edquota de tributa\u00e7\u00e3o estiver em 100%\u00a0(t<sub>max<\/sub>), o governo tamb\u00e9m n\u00e3o arrecadaria nada. Como o contribuinte destinaria tudo que ganha para o <a href=\"https:\/\/mario-machado.com\/blog\/como-apurar-e-declarar-seus-investimentos-no-imposto-de-renda\/\">Imposto de Renda<\/a>, ele n\u00e3o teria nenhum incentivo para continuar trabalhando e produzindo valor, possivelmente estimulando at\u00e9 a produzir menos e sonegar mais, com isso, a alta tributa\u00e7\u00e3o passaria a inibir as for\u00e7as de oferta e demanda na economia.<\/p>\n<p style=\"font-weight: 400;\">Dito isso, o grande desafio se faz presente em encontrar um equil\u00edbrio na redu\u00e7\u00e3o de impostos que seja &#8220;economicamente aceit\u00e1vel&#8221; para que n\u00e3o lese o contribuinte e que ao mesmo tempo aumente a arrecada\u00e7\u00e3o dos Governos, sendo o ponto arrecada\u00e7\u00e3o x carga tribut\u00e1ria &#8220;perfeito&#8221;.<\/p>\n<h3 style=\"font-weight: 400;\">Como isso foi colocado em pr\u00e1tica no Brasil, atrav\u00e9s da equipe do ministro da Economia Paulo Guedes?<\/h3>\n<ul>\n<li><a href=\"https:\/\/www12.senado.leg.br\/noticias\/materias\/2022\/07\/18\/preco-de-combustiveis-foi-desafio-do-senado-no-primeiro-semestre\">Fixa\u00e7\u00e3o e diminui\u00e7\u00e3o do ICMS aos Combust\u00edveis<\/a>;<\/li>\n<li><a href=\"https:\/\/www.gov.br\/mme\/pt-br\/assuntos\/noticias\/mme-publica-o-impacto-potencial-da-reducao-dos-tributos-nas-faturas-dos-consumidores-de-energia-eletrica\">Diminui\u00e7\u00e3o e fixa\u00e7\u00e3o do ICMS sobre a Energia El\u00e9trica<\/a>;<\/li>\n<li><a href=\"https:\/\/teletime.com.br\/01\/07\/2022\/inicio-de-julho-e-marcado-por-reducao-do-icms-para-telecom-em-estados-veja-quais\/\">Fixa\u00e7\u00e3o e diminui\u00e7\u00e3o do ICMS aos servi\u00e7os de telecomunica\u00e7\u00e3o<\/a>;<\/li>\n<li><a href=\"https:\/\/www.gov.br\/economia\/pt-br\/assuntos\/noticias\/2022\/julho\/saiba-mais-reducao-do-imposto-sobre-produtos-industrializados\">Redu\u00e7\u00e3o do IPI<\/a>;<\/li>\n<li><a href=\"https:\/\/g1.globo.com\/economia\/noticia\/2022\/07\/21\/arrecadacao-do-governo-federal-bate-recorde-sobe-18percent-e-atinge-r-181-bi-em-junho-informa-receita.ghtml\">Impacto na arrecada\u00e7\u00e3o do Governo Brasileiro<\/a>;<\/li>\n<li><a href=\"https:\/\/www.infomoney.com.br\/economia\/ipca-julho-2022-deflacao\/\">Impactos no IPCA<\/a>.<\/li>\n<\/ul>\n<p style=\"font-weight: 400;\">At\u00e9 mesmo por se tratar de um pa\u00eds de muitas dificuldades pol\u00edticas, econ\u00f4micas, comerciais e outras mais, que tornam as decis\u00f5es ainda mais dif\u00edceis, n\u00e3o h\u00e1 d\u00favidas que temos uma equipe econ\u00f4mica extremamente competente no Brasil, que se utiliza de pol\u00edticas monet\u00e1rias, fiscais, e econ\u00f4micas que permitem nos reerguer.<\/p>\n<p style=\"font-weight: 400;\">O Brasil segue crescendo, se reerguendo e bem a frente dos outros pa\u00edses na corrida contra a infla\u00e7\u00e3o e recess\u00e3o econ\u00f4mica!<\/p>\n<p style=\"font-weight: 400;\">Avante, Brasil!!!<\/p>\n<div role=\"main\" id=\"blog-mario-machado-reuniao-c957dbae6cef42f599fc\"><\/div>\n<p><script type=\"text\/javascript\" src=\"https:\/\/d335luupugsy2.cloudfront.net\/js\/rdstation-forms\/stable\/rdstation-forms.min.js\"><\/script><script type=\"text\/javascript\"> new RDStationForms('blog-mario-machado-reuniao-c957dbae6cef42f599fc', 'UA-100863252-11').createForm();<\/script><\/p>\n","protected":false},"excerpt":{"rendered":"<p>A princ\u00edpio, esta l\u00f3gica n\u00e3o parece fazer sentido, j\u00e1 que uma maior carga tribut\u00e1ria \u00e9 que deveria levar a uma maior arrecada\u00e7\u00e3o do Governo atrav\u00e9s dos impostos, e n\u00e3o com a redu\u00e7\u00e3o de impostos. Por\u00e9m, esse &#8220;equil\u00edbrio tribut\u00e1rio&#8221; \u00e9 explicado pela &#8220;Curva de Laffer&#8221;. Principalmente no contexto macroecon\u00f4mico &#8211; mundial &#8211; atual s\u00e3o necess\u00e1rias diversas [&hellip;]<\/p>\n","protected":false},"author":12,"featured_media":1713,"comment_status":"open","ping_status":"open","sticky":false,"template":"","format":"standard","meta":{"footnotes":""},"categories":[92],"tags":[],"class_list":["post-1710","post","type-post","status-publish","format-standard","has-post-thumbnail","hentry","category-outros"],"yoast_head":"<!-- This site is optimized with the Yoast SEO plugin v19.7.1 - https:\/\/yoast.com\/wordpress\/plugins\/seo\/ -->\n<title>Como uma redu\u00e7\u00e3o de impostos pode gerar uma maior arrecada\u00e7\u00e3o para o Governo?<\/title>\n<meta name=\"description\" content=\"\u00c9 poss\u00edvel que o Governo arrecade mais mesmo com a redu\u00e7\u00e3o de impostos. Continue lendo e saiba como isto \u00e9 poss\u00edvel.\" \/>\n<meta name=\"robots\" content=\"index, follow, max-snippet:-1, max-image-preview:large, max-video-preview:-1\" \/>\n<link rel=\"canonical\" href=\"https:\/\/mario-machado.com\/blog\/reducao-de-impostos-arrecadacao-governo\/\" \/>\n<meta property=\"og:locale\" content=\"pt_BR\" \/>\n<meta property=\"og:type\" content=\"article\" \/>\n<meta property=\"og:title\" content=\"Como uma redu\u00e7\u00e3o de impostos pode gerar uma maior arrecada\u00e7\u00e3o para o Governo?\" \/>\n<meta property=\"og:description\" content=\"\u00c9 poss\u00edvel que o Governo arrecade mais mesmo com a redu\u00e7\u00e3o de impostos. Continue lendo e saiba como isto \u00e9 poss\u00edvel.\" \/>\n<meta property=\"og:url\" content=\"https:\/\/mario-machado.com\/blog\/reducao-de-impostos-arrecadacao-governo\/\" \/>\n<meta property=\"og:site_name\" content=\"Mario Machado - Blog sobre investimentos e mercado financeiro\" \/>\n<meta property=\"article:published_time\" content=\"2022-08-16T16:43:26+00:00\" \/>\n<meta property=\"article:modified_time\" content=\"2022-08-17T16:07:39+00:00\" \/>\n<meta property=\"og:image\" content=\"https:\/\/mario-machado.com\/blog\/wp-content\/uploads\/2022\/08\/Reduc\u0327a\u0303o-de-Impostos-e-Maior-Arrecadac\u0327a\u0303o-scaled.jpeg\" \/>\n\t<meta property=\"og:image:width\" content=\"2560\" \/>\n\t<meta property=\"og:image:height\" content=\"1810\" \/>\n\t<meta property=\"og:image:type\" content=\"image\/jpeg\" \/>\n<meta name=\"author\" content=\"Bruno Guimar\u00e3es\" \/>\n<meta name=\"twitter:card\" content=\"summary_large_image\" \/>\n<meta name=\"twitter:label1\" content=\"Escrito por\" \/>\n\t<meta name=\"twitter:data1\" content=\"Bruno Guimar\u00e3es\" \/>\n\t<meta name=\"twitter:label2\" content=\"Est. tempo de leitura\" \/>\n\t<meta name=\"twitter:data2\" content=\"3 minutos\" \/>\n<script type=\"application\/ld+json\" class=\"yoast-schema-graph\">{\"@context\":\"https:\/\/schema.org\",\"@graph\":[{\"@type\":\"Article\",\"@id\":\"https:\/\/mario-machado.com\/blog\/reducao-de-impostos-arrecadacao-governo\/#article\",\"isPartOf\":{\"@id\":\"https:\/\/mario-machado.com\/blog\/reducao-de-impostos-arrecadacao-governo\/\"},\"author\":{\"name\":\"Bruno Guimar\u00e3es\",\"@id\":\"https:\/\/mario-machado.com\/blog\/#\/schema\/person\/277fcc651b5b5c09c8fa5ffffd68562b\"},\"headline\":\"Como uma redu\u00e7\u00e3o de impostos pode gerar uma maior arrecada\u00e7\u00e3o para o Governo?\",\"datePublished\":\"2022-08-16T16:43:26+00:00\",\"dateModified\":\"2022-08-17T16:07:39+00:00\",\"mainEntityOfPage\":{\"@id\":\"https:\/\/mario-machado.com\/blog\/reducao-de-impostos-arrecadacao-governo\/\"},\"wordCount\":475,\"commentCount\":49,\"publisher\":{\"@id\":\"https:\/\/mario-machado.com\/blog\/#organization\"},\"articleSection\":[\"Outros\"],\"inLanguage\":\"pt-BR\",\"potentialAction\":[{\"@type\":\"CommentAction\",\"name\":\"Comment\",\"target\":[\"https:\/\/mario-machado.com\/blog\/reducao-de-impostos-arrecadacao-governo\/#respond\"]}]},{\"@type\":\"WebPage\",\"@id\":\"https:\/\/mario-machado.com\/blog\/reducao-de-impostos-arrecadacao-governo\/\",\"url\":\"https:\/\/mario-machado.com\/blog\/reducao-de-impostos-arrecadacao-governo\/\",\"name\":\"Como uma redu\u00e7\u00e3o de impostos pode gerar uma maior arrecada\u00e7\u00e3o para o Governo?\",\"isPartOf\":{\"@id\":\"https:\/\/mario-machado.com\/blog\/#website\"},\"datePublished\":\"2022-08-16T16:43:26+00:00\",\"dateModified\":\"2022-08-17T16:07:39+00:00\",\"description\":\"\u00c9 poss\u00edvel que o Governo arrecade mais mesmo com a redu\u00e7\u00e3o de impostos. Continue lendo e saiba como isto \u00e9 poss\u00edvel.\",\"breadcrumb\":{\"@id\":\"https:\/\/mario-machado.com\/blog\/reducao-de-impostos-arrecadacao-governo\/#breadcrumb\"},\"inLanguage\":\"pt-BR\",\"potentialAction\":[{\"@type\":\"ReadAction\",\"target\":[\"https:\/\/mario-machado.com\/blog\/reducao-de-impostos-arrecadacao-governo\/\"]}]},{\"@type\":\"BreadcrumbList\",\"@id\":\"https:\/\/mario-machado.com\/blog\/reducao-de-impostos-arrecadacao-governo\/#breadcrumb\",\"itemListElement\":[{\"@type\":\"ListItem\",\"position\":1,\"name\":\"In\u00edcio\",\"item\":\"https:\/\/mario-machado.com\/blog\/\"},{\"@type\":\"ListItem\",\"position\":2,\"name\":\"Como uma redu\u00e7\u00e3o de impostos pode gerar uma maior arrecada\u00e7\u00e3o para o Governo?\"}]},{\"@type\":\"WebSite\",\"@id\":\"https:\/\/mario-machado.com\/blog\/#website\",\"url\":\"https:\/\/mario-machado.com\/blog\/\",\"name\":\"Mario Machado - Blog sobre investimentos e mercado financeiro\",\"description\":\"Nosso blog traz informa\u00e7\u00f5es sobre investimentos, escrito por quem compreende o mercado financeiro do brasil e do mundo.\",\"publisher\":{\"@id\":\"https:\/\/mario-machado.com\/blog\/#organization\"},\"potentialAction\":[{\"@type\":\"SearchAction\",\"target\":{\"@type\":\"EntryPoint\",\"urlTemplate\":\"https:\/\/mario-machado.com\/blog\/?s={search_term_string}\"},\"query-input\":\"required name=search_term_string\"}],\"inLanguage\":\"pt-BR\"},{\"@type\":\"Organization\",\"@id\":\"https:\/\/mario-machado.com\/blog\/#organization\",\"name\":\"Mario Machado - Blog sobre investimentos e mercado financeiro\",\"url\":\"https:\/\/mario-machado.com\/blog\/\",\"sameAs\":[],\"logo\":{\"@type\":\"ImageObject\",\"inLanguage\":\"pt-BR\",\"@id\":\"https:\/\/mario-machado.com\/blog\/#\/schema\/logo\/image\/\",\"url\":\"https:\/\/mario-machado.com\/blog\/wp-content\/uploads\/2022\/06\/cropped-logo-mario-machado-blog.png\",\"contentUrl\":\"https:\/\/mario-machado.com\/blog\/wp-content\/uploads\/2022\/06\/cropped-logo-mario-machado-blog.png\",\"width\":389,\"height\":112,\"caption\":\"Mario Machado - Blog sobre investimentos e mercado financeiro\"},\"image\":{\"@id\":\"https:\/\/mario-machado.com\/blog\/#\/schema\/logo\/image\/\"}},{\"@type\":\"Person\",\"@id\":\"https:\/\/mario-machado.com\/blog\/#\/schema\/person\/277fcc651b5b5c09c8fa5ffffd68562b\",\"name\":\"Bruno Guimar\u00e3es\",\"image\":{\"@type\":\"ImageObject\",\"inLanguage\":\"pt-BR\",\"@id\":\"https:\/\/mario-machado.com\/blog\/#\/schema\/person\/image\/\",\"url\":\"https:\/\/mario-machado.com\/blog\/wp-content\/uploads\/2022\/08\/cropped-Bruno-Guimara\u0303es-96x96.jpeg\",\"contentUrl\":\"https:\/\/mario-machado.com\/blog\/wp-content\/uploads\/2022\/08\/cropped-Bruno-Guimara\u0303es-96x96.jpeg\",\"caption\":\"Bruno Guimar\u00e3es\"},\"description\":\"Apaixonado pelo mercado financeiro, S\u00f3cio e Assessor de Investimentos - Alta Renda na Invest Smart, credenciada \u00e0 XP Investimentos.\",\"url\":\"https:\/\/mario-machado.com\/blog\/author\/brunoguimaraes\/\"}]}<\/script>\n<!-- \/ Yoast SEO plugin. -->","yoast_head_json":{"title":"Como uma redu\u00e7\u00e3o de impostos pode gerar uma maior arrecada\u00e7\u00e3o para o Governo?","description":"\u00c9 poss\u00edvel que o Governo arrecade mais mesmo com a redu\u00e7\u00e3o de impostos. Continue lendo e saiba como isto \u00e9 poss\u00edvel.","robots":{"index":"index","follow":"follow","max-snippet":"max-snippet:-1","max-image-preview":"max-image-preview:large","max-video-preview":"max-video-preview:-1"},"canonical":"https:\/\/mario-machado.com\/blog\/reducao-de-impostos-arrecadacao-governo\/","og_locale":"pt_BR","og_type":"article","og_title":"Como uma redu\u00e7\u00e3o de impostos pode gerar uma maior arrecada\u00e7\u00e3o para o Governo?","og_description":"\u00c9 poss\u00edvel que o Governo arrecade mais mesmo com a redu\u00e7\u00e3o de impostos. Continue lendo e saiba como isto \u00e9 poss\u00edvel.","og_url":"https:\/\/mario-machado.com\/blog\/reducao-de-impostos-arrecadacao-governo\/","og_site_name":"Mario Machado - Blog sobre investimentos e mercado financeiro","article_published_time":"2022-08-16T16:43:26+00:00","article_modified_time":"2022-08-17T16:07:39+00:00","og_image":[{"width":2560,"height":1810,"url":"https:\/\/mario-machado.com\/blog\/wp-content\/uploads\/2022\/08\/Reduc\u0327a\u0303o-de-Impostos-e-Maior-Arrecadac\u0327a\u0303o-scaled.jpeg","type":"image\/jpeg"}],"author":"Bruno Guimar\u00e3es","twitter_card":"summary_large_image","twitter_misc":{"Escrito por":"Bruno Guimar\u00e3es","Est. tempo de leitura":"3 minutos"},"schema":{"@context":"https:\/\/schema.org","@graph":[{"@type":"Article","@id":"https:\/\/mario-machado.com\/blog\/reducao-de-impostos-arrecadacao-governo\/#article","isPartOf":{"@id":"https:\/\/mario-machado.com\/blog\/reducao-de-impostos-arrecadacao-governo\/"},"author":{"name":"Bruno Guimar\u00e3es","@id":"https:\/\/mario-machado.com\/blog\/#\/schema\/person\/277fcc651b5b5c09c8fa5ffffd68562b"},"headline":"Como uma redu\u00e7\u00e3o de impostos pode gerar uma maior arrecada\u00e7\u00e3o para o Governo?","datePublished":"2022-08-16T16:43:26+00:00","dateModified":"2022-08-17T16:07:39+00:00","mainEntityOfPage":{"@id":"https:\/\/mario-machado.com\/blog\/reducao-de-impostos-arrecadacao-governo\/"},"wordCount":475,"commentCount":49,"publisher":{"@id":"https:\/\/mario-machado.com\/blog\/#organization"},"articleSection":["Outros"],"inLanguage":"pt-BR","potentialAction":[{"@type":"CommentAction","name":"Comment","target":["https:\/\/mario-machado.com\/blog\/reducao-de-impostos-arrecadacao-governo\/#respond"]}]},{"@type":"WebPage","@id":"https:\/\/mario-machado.com\/blog\/reducao-de-impostos-arrecadacao-governo\/","url":"https:\/\/mario-machado.com\/blog\/reducao-de-impostos-arrecadacao-governo\/","name":"Como uma redu\u00e7\u00e3o de impostos pode gerar uma maior arrecada\u00e7\u00e3o para o Governo?","isPartOf":{"@id":"https:\/\/mario-machado.com\/blog\/#website"},"datePublished":"2022-08-16T16:43:26+00:00","dateModified":"2022-08-17T16:07:39+00:00","description":"\u00c9 poss\u00edvel que o Governo arrecade mais mesmo com a redu\u00e7\u00e3o de impostos. Continue lendo e saiba como isto \u00e9 poss\u00edvel.","breadcrumb":{"@id":"https:\/\/mario-machado.com\/blog\/reducao-de-impostos-arrecadacao-governo\/#breadcrumb"},"inLanguage":"pt-BR","potentialAction":[{"@type":"ReadAction","target":["https:\/\/mario-machado.com\/blog\/reducao-de-impostos-arrecadacao-governo\/"]}]},{"@type":"BreadcrumbList","@id":"https:\/\/mario-machado.com\/blog\/reducao-de-impostos-arrecadacao-governo\/#breadcrumb","itemListElement":[{"@type":"ListItem","position":1,"name":"In\u00edcio","item":"https:\/\/mario-machado.com\/blog\/"},{"@type":"ListItem","position":2,"name":"Como uma redu\u00e7\u00e3o de impostos pode gerar uma maior arrecada\u00e7\u00e3o para o Governo?"}]},{"@type":"WebSite","@id":"https:\/\/mario-machado.com\/blog\/#website","url":"https:\/\/mario-machado.com\/blog\/","name":"Mario Machado - Blog sobre investimentos e mercado financeiro","description":"Nosso blog traz informa\u00e7\u00f5es sobre investimentos, escrito por quem compreende o mercado financeiro do brasil e do mundo.","publisher":{"@id":"https:\/\/mario-machado.com\/blog\/#organization"},"potentialAction":[{"@type":"SearchAction","target":{"@type":"EntryPoint","urlTemplate":"https:\/\/mario-machado.com\/blog\/?s={search_term_string}"},"query-input":"required name=search_term_string"}],"inLanguage":"pt-BR"},{"@type":"Organization","@id":"https:\/\/mario-machado.com\/blog\/#organization","name":"Mario Machado - Blog sobre investimentos e mercado financeiro","url":"https:\/\/mario-machado.com\/blog\/","sameAs":[],"logo":{"@type":"ImageObject","inLanguage":"pt-BR","@id":"https:\/\/mario-machado.com\/blog\/#\/schema\/logo\/image\/","url":"https:\/\/mario-machado.com\/blog\/wp-content\/uploads\/2022\/06\/cropped-logo-mario-machado-blog.png","contentUrl":"https:\/\/mario-machado.com\/blog\/wp-content\/uploads\/2022\/06\/cropped-logo-mario-machado-blog.png","width":389,"height":112,"caption":"Mario Machado - Blog sobre investimentos e mercado financeiro"},"image":{"@id":"https:\/\/mario-machado.com\/blog\/#\/schema\/logo\/image\/"}},{"@type":"Person","@id":"https:\/\/mario-machado.com\/blog\/#\/schema\/person\/277fcc651b5b5c09c8fa5ffffd68562b","name":"Bruno Guimar\u00e3es","image":{"@type":"ImageObject","inLanguage":"pt-BR","@id":"https:\/\/mario-machado.com\/blog\/#\/schema\/person\/image\/","url":"https:\/\/mario-machado.com\/blog\/wp-content\/uploads\/2022\/08\/cropped-Bruno-Guimara\u0303es-96x96.jpeg","contentUrl":"https:\/\/mario-machado.com\/blog\/wp-content\/uploads\/2022\/08\/cropped-Bruno-Guimara\u0303es-96x96.jpeg","caption":"Bruno Guimar\u00e3es"},"description":"Apaixonado pelo mercado financeiro, S\u00f3cio e Assessor de Investimentos - Alta Renda na Invest Smart, credenciada \u00e0 XP Investimentos.","url":"https:\/\/mario-machado.com\/blog\/author\/brunoguimaraes\/"}]}},"_links":{"self":[{"href":"https:\/\/mario-machado.com\/blog\/wp-json\/wp\/v2\/posts\/1710","targetHints":{"allow":["GET"]}}],"collection":[{"href":"https:\/\/mario-machado.com\/blog\/wp-json\/wp\/v2\/posts"}],"about":[{"href":"https:\/\/mario-machado.com\/blog\/wp-json\/wp\/v2\/types\/post"}],"author":[{"embeddable":true,"href":"https:\/\/mario-machado.com\/blog\/wp-json\/wp\/v2\/users\/12"}],"replies":[{"embeddable":true,"href":"https:\/\/mario-machado.com\/blog\/wp-json\/wp\/v2\/comments?post=1710"}],"version-history":[{"count":0,"href":"https:\/\/mario-machado.com\/blog\/wp-json\/wp\/v2\/posts\/1710\/revisions"}],"wp:featuredmedia":[{"embeddable":true,"href":"https:\/\/mario-machado.com\/blog\/wp-json\/wp\/v2\/media\/1713"}],"wp:attachment":[{"href":"https:\/\/mario-machado.com\/blog\/wp-json\/wp\/v2\/media?parent=1710"}],"wp:term":[{"taxonomy":"category","embeddable":true,"href":"https:\/\/mario-machado.com\/blog\/wp-json\/wp\/v2\/categories?post=1710"},{"taxonomy":"post_tag","embeddable":true,"href":"https:\/\/mario-machado.com\/blog\/wp-json\/wp\/v2\/tags?post=1710"}],"curies":[{"name":"wp","href":"https:\/\/api.w.org\/{rel}","templated":true}]}}